{"id":8834,"date":"2020-11-24T09:25:51","date_gmt":"2020-11-24T08:25:51","guid":{"rendered":"https:\/\/amazon-sales-kongress.de\/wp\/?p=8834"},"modified":"2025-05-12T16:26:53","modified_gmt":"2025-05-12T14:26:53","slug":"roth-andreas","status":"publish","type":"post","link":"https:\/\/amazon-sales-kongress.de\/wp\/roth-andreas\/","title":{"rendered":"Andreas Roth"},"content":{"rendered":"<h6><span style=\"color: #cf142a;\">Andreas Roth \u203a Gr\u00fcnder Amazon Seller Support Akademie sowie Gesch\u00e4ftsf\u00fchrer > Seller Support Roth &#038; Witte GmbH\u203a D\u00fcsseldorf<\/span><\/h6>\n<p>Seit 2006 Zusammenarbeit mit Amazon EU als Vendor, Kommission\u00e4r und ab 2008\/2009 mit eigenen Amazon Seller Shops. 2016 Gr\u00fcndung der Seller Support Roth &#038; Witte GmbH und Start der \u201eAmazon Seller Support Akademie\u201c in D\u00fcsseldorf. Amazon Coach und Referent bundesweit sowie EU Ausland. Seit 2018 Dozent an der Hochschule Worms im Bereich e-commerce mit Schwerpunkt Marktplatz\u00f6konomie am Beispiel Amazon EU . Betreut aktuell \u00fcber 250 Akademie Teilnehmer im Amazon Tagesgesch\u00e4ft. Andreas Roth ist Coach und Strategieberater f\u00fcr den Amazon EU Marktplatz  deutscher Konzerne &#038; mittelst\u00e4ndische Hersteller.<\/p>\n","protected":false},"excerpt":{"rendered":"<p>Andreas Roth \u203a Gr\u00fcnder Amazon Seller Support Akademie sowie Gesch\u00e4ftsf\u00fchrer > Seller Support Roth &#038; Witte GmbH\u203a D\u00fcsseldorf Seit 2006 Zusammenarbeit mit Amazon EU als Vendor, Kommission\u00e4r und ab 2008\/2009 mit eigenen Amazon Seller Shops. 2016 Gr\u00fcndung der Seller Support Roth &#038; Witte GmbH und Start der \u201eAmazon Seller Support Akademie\u201c in D\u00fcsseldorf. Amazon Coach [&hellip;]<\/p>\n","protected":false},"author":1,"featured_media":8835,"comment_status":"closed","ping_status":"closed","sticky":false,"template":"","format":"standard","meta":{"footnotes":""},"categories":[26,23,37],"tags":[],"class_list":["post-8834","post","type-post","status-publish","format-standard","has-post-thumbnail","hentry","category-ask-intensiv-workshop","category-referenten-2021-frankfurt","category-referenten-2025-weimar"],"yoast_head":"<!-- This site is optimized with the Yoast SEO plugin v26.1.1 - https:\/\/yoast.com\/wordpress\/plugins\/seo\/ -->\n<title>Andreas Roth | 18. Amazon Sales Kongress 2026 %<\/title>\n<meta name=\"robots\" content=\"noindex, follow\" \/>\n<meta property=\"og:locale\" content=\"de_DE\" \/>\n<meta property=\"og:type\" content=\"article\" \/>\n<meta property=\"og:title\" content=\"Andreas Roth | 18. Amazon Sales Kongress 2026 %\" \/>\n<meta property=\"og:description\" content=\"Andreas Roth \u203a Gr\u00fcnder Amazon Seller Support Akademie sowie Gesch\u00e4ftsf\u00fchrer &gt; Seller Support Roth &#038; Witte GmbH\u203a D\u00fcsseldorf Seit 2006 Zusammenarbeit mit Amazon EU als Vendor, Kommission\u00e4r und ab 2008\/2009 mit eigenen Amazon Seller Shops. 2016 Gr\u00fcndung der Seller Support Roth &#038; Witte GmbH und Start der \u201eAmazon Seller Support Akademie\u201c in D\u00fcsseldorf. Amazon Coach [&hellip;]\" \/>\n<meta property=\"og:url\" content=\"https:\/\/amazon-sales-kongress.de\/wp\/roth-andreas\/\" \/>\n<meta property=\"og:site_name\" content=\"18. Amazon Sales Kongress 2026\" \/>\n<meta property=\"article:publisher\" content=\"https:\/\/www.facebook.com\/amz.sales.kongress\" \/>\n<meta property=\"article:published_time\" content=\"2020-11-24T08:25:51+00:00\" \/>\n<meta property=\"article:modified_time\" content=\"2025-05-12T14:26:53+00:00\" \/>\n<meta property=\"og:image\" content=\"https:\/\/amazon-sales-kongress.de\/wp\/wp-content\/uploads\/2020\/11\/Andreas-Roth-Foto-picture-2020--scaled.jpg\" \/>\n\t<meta property=\"og:image:width\" content=\"2560\" \/>\n\t<meta property=\"og:image:height\" content=\"1707\" \/>\n\t<meta property=\"og:image:type\" content=\"image\/jpeg\" \/>\n<meta name=\"author\" content=\"wp-admin\" \/>\n<meta name=\"twitter:card\" content=\"summary_large_image\" \/>\n<meta name=\"twitter:label1\" content=\"Verfasst von\" \/>\n\t<meta name=\"twitter:data1\" content=\"wp-admin\" \/>\n\t<meta name=\"twitter:label2\" content=\"Gesch\u00e4tzte Lesezeit\" \/>\n\t<meta name=\"twitter:data2\" content=\"1\u00a0Minute\" \/>\n<script type=\"application\/ld+json\" class=\"yoast-schema-graph\">{\"@context\":\"https:\/\/schema.org\",\"@graph\":[{\"@type\":\"Article\",\"@id\":\"https:\/\/amazon-sales-kongress.de\/wp\/roth-andreas\/#article\",\"isPartOf\":{\"@id\":\"https:\/\/amazon-sales-kongress.de\/wp\/roth-andreas\/\"},\"author\":{\"name\":\"wp-admin\",\"@id\":\"https:\/\/amazon-sales-kongress.de\/wp\/#\/schema\/person\/fc940cef315a1f38950637bc18fc8751\"},\"headline\":\"Andreas Roth\",\"datePublished\":\"2020-11-24T08:25:51+00:00\",\"dateModified\":\"2025-05-12T14:26:53+00:00\",\"mainEntityOfPage\":{\"@id\":\"https:\/\/amazon-sales-kongress.de\/wp\/roth-andreas\/\"},\"wordCount\":106,\"publisher\":{\"@id\":\"https:\/\/amazon-sales-kongress.de\/wp\/#organization\"},\"image\":{\"@id\":\"https:\/\/amazon-sales-kongress.de\/wp\/roth-andreas\/#primaryimage\"},\"thumbnailUrl\":\"https:\/\/amazon-sales-kongress.de\/wp\/wp-content\/uploads\/2020\/11\/Andreas-Roth-Foto-picture-2020--scaled.jpg\",\"articleSection\":[\"ASK-INT-2021-D\u00fcsseldorf\",\"Referenten-2021-Frankfurt\",\"Referenten-2025-Weimar\"],\"inLanguage\":\"de\"},{\"@type\":\"WebPage\",\"@id\":\"https:\/\/amazon-sales-kongress.de\/wp\/roth-andreas\/\",\"url\":\"https:\/\/amazon-sales-kongress.de\/wp\/roth-andreas\/\",\"name\":\"Andreas Roth | 18. Amazon Sales Kongress 2026 %\",\"isPartOf\":{\"@id\":\"https:\/\/amazon-sales-kongress.de\/wp\/#website\"},\"primaryImageOfPage\":{\"@id\":\"https:\/\/amazon-sales-kongress.de\/wp\/roth-andreas\/#primaryimage\"},\"image\":{\"@id\":\"https:\/\/amazon-sales-kongress.de\/wp\/roth-andreas\/#primaryimage\"},\"thumbnailUrl\":\"https:\/\/amazon-sales-kongress.de\/wp\/wp-content\/uploads\/2020\/11\/Andreas-Roth-Foto-picture-2020--scaled.jpg\",\"datePublished\":\"2020-11-24T08:25:51+00:00\",\"dateModified\":\"2025-05-12T14:26:53+00:00\",\"breadcrumb\":{\"@id\":\"https:\/\/amazon-sales-kongress.de\/wp\/roth-andreas\/#breadcrumb\"},\"inLanguage\":\"de\",\"potentialAction\":[{\"@type\":\"ReadAction\",\"target\":[\"https:\/\/amazon-sales-kongress.de\/wp\/roth-andreas\/\"]}]},{\"@type\":\"ImageObject\",\"inLanguage\":\"de\",\"@id\":\"https:\/\/amazon-sales-kongress.de\/wp\/roth-andreas\/#primaryimage\",\"url\":\"https:\/\/amazon-sales-kongress.de\/wp\/wp-content\/uploads\/2020\/11\/Andreas-Roth-Foto-picture-2020--scaled.jpg\",\"contentUrl\":\"https:\/\/amazon-sales-kongress.de\/wp\/wp-content\/uploads\/2020\/11\/Andreas-Roth-Foto-picture-2020--scaled.jpg\",\"width\":2560,\"height\":1707},{\"@type\":\"BreadcrumbList\",\"@id\":\"https:\/\/amazon-sales-kongress.de\/wp\/roth-andreas\/#breadcrumb\",\"itemListElement\":[{\"@type\":\"ListItem\",\"position\":1,\"name\":\"Startseite\",\"item\":\"https:\/\/amazon-sales-kongress.de\/wp\/\"},{\"@type\":\"ListItem\",\"position\":2,\"name\":\"Andreas Roth\"}]},{\"@type\":\"WebSite\",\"@id\":\"https:\/\/amazon-sales-kongress.de\/wp\/#website\",\"url\":\"https:\/\/amazon-sales-kongress.de\/wp\/\",\"name\":\"18. Amazon Sales Kongress 2026\",\"description\":\"Amazon effektiver steuern\",\"publisher\":{\"@id\":\"https:\/\/amazon-sales-kongress.de\/wp\/#organization\"},\"alternateName\":\"18. ASK 2026\",\"potentialAction\":[{\"@type\":\"SearchAction\",\"target\":{\"@type\":\"EntryPoint\",\"urlTemplate\":\"https:\/\/amazon-sales-kongress.de\/wp\/?s={search_term_string}\"},\"query-input\":{\"@type\":\"PropertyValueSpecification\",\"valueRequired\":true,\"valueName\":\"search_term_string\"}}],\"inLanguage\":\"de\"},{\"@type\":\"Organization\",\"@id\":\"https:\/\/amazon-sales-kongress.de\/wp\/#organization\",\"name\":\"Amazon Sales Kongress | ASK\",\"alternateName\":\"ASK\",\"url\":\"https:\/\/amazon-sales-kongress.de\/wp\/\",\"logo\":{\"@type\":\"ImageObject\",\"inLanguage\":\"de\",\"@id\":\"https:\/\/amazon-sales-kongress.de\/wp\/#\/schema\/logo\/image\/\",\"url\":\"https:\/\/amazon-sales-kongress.de\/wp\/wp-content\/uploads\/2025\/11\/ASK-2026-Stuttgart-Yoast-Orga-Logo-696x696-1.jpg\",\"contentUrl\":\"https:\/\/amazon-sales-kongress.de\/wp\/wp-content\/uploads\/2025\/11\/ASK-2026-Stuttgart-Yoast-Orga-Logo-696x696-1.jpg\",\"width\":1450,\"height\":1450,\"caption\":\"Amazon Sales Kongress | ASK\"},\"image\":{\"@id\":\"https:\/\/amazon-sales-kongress.de\/wp\/#\/schema\/logo\/image\/\"},\"sameAs\":[\"https:\/\/www.facebook.com\/amz.sales.kongress\",\"https:\/\/www.linkedin.com\/company\/amazonsaleskongress\"]},{\"@type\":\"Person\",\"@id\":\"https:\/\/amazon-sales-kongress.de\/wp\/#\/schema\/person\/fc940cef315a1f38950637bc18fc8751\",\"name\":\"wp-admin\",\"image\":{\"@type\":\"ImageObject\",\"inLanguage\":\"de\",\"@id\":\"https:\/\/amazon-sales-kongress.de\/wp\/#\/schema\/person\/image\/\",\"url\":\"https:\/\/secure.gravatar.com\/avatar\/f2a7c8fbc9e96f5a4d733e893e8d109529e6f88608acde30474a0106c06c409c?s=96&d=mm&r=g\",\"contentUrl\":\"https:\/\/secure.gravatar.com\/avatar\/f2a7c8fbc9e96f5a4d733e893e8d109529e6f88608acde30474a0106c06c409c?s=96&d=mm&r=g\",\"caption\":\"wp-admin\"},\"url\":\"https:\/\/amazon-sales-kongress.de\/wp\/author\/wp-admin\/\"}]}<\/script>\n<!-- \/ Yoast SEO plugin. -->","yoast_head_json":{"title":"Andreas Roth | 18. Amazon Sales Kongress 2026 %","robots":{"index":"noindex","follow":"follow"},"og_locale":"de_DE","og_type":"article","og_title":"Andreas Roth | 18. Amazon Sales Kongress 2026 %","og_description":"Andreas Roth \u203a Gr\u00fcnder Amazon Seller Support Akademie sowie Gesch\u00e4ftsf\u00fchrer > Seller Support Roth &#038; Witte GmbH\u203a D\u00fcsseldorf Seit 2006 Zusammenarbeit mit Amazon EU als Vendor, Kommission\u00e4r und ab 2008\/2009 mit eigenen Amazon Seller Shops. 2016 Gr\u00fcndung der Seller Support Roth &#038; Witte GmbH und Start der \u201eAmazon Seller Support Akademie\u201c in D\u00fcsseldorf. Amazon Coach [&hellip;]","og_url":"https:\/\/amazon-sales-kongress.de\/wp\/roth-andreas\/","og_site_name":"18. Amazon Sales Kongress 2026","article_publisher":"https:\/\/www.facebook.com\/amz.sales.kongress","article_published_time":"2020-11-24T08:25:51+00:00","article_modified_time":"2025-05-12T14:26:53+00:00","og_image":[{"width":2560,"height":1707,"url":"https:\/\/amazon-sales-kongress.de\/wp\/wp-content\/uploads\/2020\/11\/Andreas-Roth-Foto-picture-2020--scaled.jpg","type":"image\/jpeg"}],"author":"wp-admin","twitter_card":"summary_large_image","twitter_misc":{"Verfasst von":"wp-admin","Gesch\u00e4tzte Lesezeit":"1\u00a0Minute"},"schema":{"@context":"https:\/\/schema.org","@graph":[{"@type":"Article","@id":"https:\/\/amazon-sales-kongress.de\/wp\/roth-andreas\/#article","isPartOf":{"@id":"https:\/\/amazon-sales-kongress.de\/wp\/roth-andreas\/"},"author":{"name":"wp-admin","@id":"https:\/\/amazon-sales-kongress.de\/wp\/#\/schema\/person\/fc940cef315a1f38950637bc18fc8751"},"headline":"Andreas Roth","datePublished":"2020-11-24T08:25:51+00:00","dateModified":"2025-05-12T14:26:53+00:00","mainEntityOfPage":{"@id":"https:\/\/amazon-sales-kongress.de\/wp\/roth-andreas\/"},"wordCount":106,"publisher":{"@id":"https:\/\/amazon-sales-kongress.de\/wp\/#organization"},"image":{"@id":"https:\/\/amazon-sales-kongress.de\/wp\/roth-andreas\/#primaryimage"},"thumbnailUrl":"https:\/\/amazon-sales-kongress.de\/wp\/wp-content\/uploads\/2020\/11\/Andreas-Roth-Foto-picture-2020--scaled.jpg","articleSection":["ASK-INT-2021-D\u00fcsseldorf","Referenten-2021-Frankfurt","Referenten-2025-Weimar"],"inLanguage":"de"},{"@type":"WebPage","@id":"https:\/\/amazon-sales-kongress.de\/wp\/roth-andreas\/","url":"https:\/\/amazon-sales-kongress.de\/wp\/roth-andreas\/","name":"Andreas Roth | 18. Amazon Sales Kongress 2026 %","isPartOf":{"@id":"https:\/\/amazon-sales-kongress.de\/wp\/#website"},"primaryImageOfPage":{"@id":"https:\/\/amazon-sales-kongress.de\/wp\/roth-andreas\/#primaryimage"},"image":{"@id":"https:\/\/amazon-sales-kongress.de\/wp\/roth-andreas\/#primaryimage"},"thumbnailUrl":"https:\/\/amazon-sales-kongress.de\/wp\/wp-content\/uploads\/2020\/11\/Andreas-Roth-Foto-picture-2020--scaled.jpg","datePublished":"2020-11-24T08:25:51+00:00","dateModified":"2025-05-12T14:26:53+00:00","breadcrumb":{"@id":"https:\/\/amazon-sales-kongress.de\/wp\/roth-andreas\/#breadcrumb"},"inLanguage":"de","potentialAction":[{"@type":"ReadAction","target":["https:\/\/amazon-sales-kongress.de\/wp\/roth-andreas\/"]}]},{"@type":"ImageObject","inLanguage":"de","@id":"https:\/\/amazon-sales-kongress.de\/wp\/roth-andreas\/#primaryimage","url":"https:\/\/amazon-sales-kongress.de\/wp\/wp-content\/uploads\/2020\/11\/Andreas-Roth-Foto-picture-2020--scaled.jpg","contentUrl":"https:\/\/amazon-sales-kongress.de\/wp\/wp-content\/uploads\/2020\/11\/Andreas-Roth-Foto-picture-2020--scaled.jpg","width":2560,"height":1707},{"@type":"BreadcrumbList","@id":"https:\/\/amazon-sales-kongress.de\/wp\/roth-andreas\/#breadcrumb","itemListElement":[{"@type":"ListItem","position":1,"name":"Startseite","item":"https:\/\/amazon-sales-kongress.de\/wp\/"},{"@type":"ListItem","position":2,"name":"Andreas Roth"}]},{"@type":"WebSite","@id":"https:\/\/amazon-sales-kongress.de\/wp\/#website","url":"https:\/\/amazon-sales-kongress.de\/wp\/","name":"18. Amazon Sales Kongress 2026","description":"Amazon effektiver steuern","publisher":{"@id":"https:\/\/amazon-sales-kongress.de\/wp\/#organization"},"alternateName":"18. ASK 2026","potentialAction":[{"@type":"SearchAction","target":{"@type":"EntryPoint","urlTemplate":"https:\/\/amazon-sales-kongress.de\/wp\/?s={search_term_string}"},"query-input":{"@type":"PropertyValueSpecification","valueRequired":true,"valueName":"search_term_string"}}],"inLanguage":"de"},{"@type":"Organization","@id":"https:\/\/amazon-sales-kongress.de\/wp\/#organization","name":"Amazon Sales Kongress | ASK","alternateName":"ASK","url":"https:\/\/amazon-sales-kongress.de\/wp\/","logo":{"@type":"ImageObject","inLanguage":"de","@id":"https:\/\/amazon-sales-kongress.de\/wp\/#\/schema\/logo\/image\/","url":"https:\/\/amazon-sales-kongress.de\/wp\/wp-content\/uploads\/2025\/11\/ASK-2026-Stuttgart-Yoast-Orga-Logo-696x696-1.jpg","contentUrl":"https:\/\/amazon-sales-kongress.de\/wp\/wp-content\/uploads\/2025\/11\/ASK-2026-Stuttgart-Yoast-Orga-Logo-696x696-1.jpg","width":1450,"height":1450,"caption":"Amazon Sales Kongress | ASK"},"image":{"@id":"https:\/\/amazon-sales-kongress.de\/wp\/#\/schema\/logo\/image\/"},"sameAs":["https:\/\/www.facebook.com\/amz.sales.kongress","https:\/\/www.linkedin.com\/company\/amazonsaleskongress"]},{"@type":"Person","@id":"https:\/\/amazon-sales-kongress.de\/wp\/#\/schema\/person\/fc940cef315a1f38950637bc18fc8751","name":"wp-admin","image":{"@type":"ImageObject","inLanguage":"de","@id":"https:\/\/amazon-sales-kongress.de\/wp\/#\/schema\/person\/image\/","url":"https:\/\/secure.gravatar.com\/avatar\/f2a7c8fbc9e96f5a4d733e893e8d109529e6f88608acde30474a0106c06c409c?s=96&d=mm&r=g","contentUrl":"https:\/\/secure.gravatar.com\/avatar\/f2a7c8fbc9e96f5a4d733e893e8d109529e6f88608acde30474a0106c06c409c?s=96&d=mm&r=g","caption":"wp-admin"},"url":"https:\/\/amazon-sales-kongress.de\/wp\/author\/wp-admin\/"}]}},"_links":{"self":[{"href":"https:\/\/amazon-sales-kongress.de\/wp\/wp-json\/wp\/v2\/posts\/8834","targetHints":{"allow":["GET"]}}],"collection":[{"href":"https:\/\/amazon-sales-kongress.de\/wp\/wp-json\/wp\/v2\/posts"}],"about":[{"href":"https:\/\/amazon-sales-kongress.de\/wp\/wp-json\/wp\/v2\/types\/post"}],"author":[{"embeddable":true,"href":"https:\/\/amazon-sales-kongress.de\/wp\/wp-json\/wp\/v2\/users\/1"}],"replies":[{"embeddable":true,"href":"https:\/\/amazon-sales-kongress.de\/wp\/wp-json\/wp\/v2\/comments?post=8834"}],"version-history":[{"count":2,"href":"https:\/\/amazon-sales-kongress.de\/wp\/wp-json\/wp\/v2\/posts\/8834\/revisions"}],"predecessor-version":[{"id":9669,"href":"https:\/\/amazon-sales-kongress.de\/wp\/wp-json\/wp\/v2\/posts\/8834\/revisions\/9669"}],"wp:featuredmedia":[{"embeddable":true,"href":"https:\/\/amazon-sales-kongress.de\/wp\/wp-json\/wp\/v2\/media\/8835"}],"wp:attachment":[{"href":"https:\/\/amazon-sales-kongress.de\/wp\/wp-json\/wp\/v2\/media?parent=8834"}],"wp:term":[{"taxonomy":"category","embeddable":true,"href":"https:\/\/amazon-sales-kongress.de\/wp\/wp-json\/wp\/v2\/categories?post=8834"},{"taxonomy":"post_tag","embeddable":true,"href":"https:\/\/amazon-sales-kongress.de\/wp\/wp-json\/wp\/v2\/tags?post=8834"}],"curies":[{"name":"wp","href":"https:\/\/api.w.org\/{rel}","templated":true}]}}