{"id":14078,"date":"2025-08-11T11:20:34","date_gmt":"2025-08-11T09:20:34","guid":{"rendered":"https:\/\/amazon-sales-kongress.de\/wp\/?p=14078"},"modified":"2026-03-09T22:54:02","modified_gmt":"2026-03-09T21:54:02","slug":"lentz-daniel","status":"publish","type":"post","link":"https:\/\/amazon-sales-kongress.de\/wp\/lentz-daniel\/","title":{"rendered":"Daniel Lentz"},"content":{"rendered":"<h6><span style=\"color: #cf142a;\">Key-Account Manager \u203a Nespresso Deutschland GmbH \u203a Deutschland<\/span><\/h6>\n<p>Daniel Lentz ist bereits seit 2014 bei Nespresso. Angefangen als Area Sales Manager war er verantwortlich f\u00fcr den station\u00e4ren Handel in seinem Gebiet.<br \/>\nSeit Mitte 2019 u.a. verantwortlich f\u00fcr Amazon in Deutschland, ist er f\u00fcr den GoLive des Amazon Seller Accounts, sowie die strategische &amp; operative Ausrichtung zust\u00e4ndig.<\/p>\n","protected":false},"excerpt":{"rendered":"<p>Key-Account Manager \u203a Nespresso Deutschland GmbH \u203a Deutschland Daniel Lentz ist bereits seit 2014 bei Nespresso. Angefangen als Area Sales Manager war er verantwortlich f\u00fcr den station\u00e4ren Handel in seinem Gebiet. Seit Mitte 2019 u.a. verantwortlich f\u00fcr Amazon in Deutschland, ist er f\u00fcr den GoLive des Amazon Seller Accounts, sowie die strategische &amp; operative Ausrichtung [&hellip;]<\/p>\n","protected":false},"author":1,"featured_media":14079,"comment_status":"closed","ping_status":"closed","sticky":false,"template":"","format":"standard","meta":{"footnotes":""},"categories":[37,39],"tags":[],"class_list":["post-14078","post","type-post","status-publish","format-standard","has-post-thumbnail","hentry","category-referenten-2025-weimar","category-referenten-2026-stuttgart"],"yoast_head":"<!-- This site is optimized with the Yoast SEO plugin v26.1.1 - https:\/\/yoast.com\/wordpress\/plugins\/seo\/ -->\n<title>Daniel Lentz | 18. Amazon Sales Kongress 2026 %<\/title>\n<meta name=\"robots\" content=\"noindex, follow\" \/>\n<meta property=\"og:locale\" content=\"de_DE\" \/>\n<meta property=\"og:type\" content=\"article\" \/>\n<meta property=\"og:title\" content=\"Daniel Lentz | 18. Amazon Sales Kongress 2026 %\" \/>\n<meta property=\"og:description\" content=\"Key-Account Manager \u203a Nespresso Deutschland GmbH \u203a Deutschland Daniel Lentz ist bereits seit 2014 bei Nespresso. Angefangen als Area Sales Manager war er verantwortlich f\u00fcr den station\u00e4ren Handel in seinem Gebiet. Seit Mitte 2019 u.a. verantwortlich f\u00fcr Amazon in Deutschland, ist er f\u00fcr den GoLive des Amazon Seller Accounts, sowie die strategische &amp; operative Ausrichtung [&hellip;]\" \/>\n<meta property=\"og:url\" content=\"https:\/\/amazon-sales-kongress.de\/wp\/lentz-daniel\/\" \/>\n<meta property=\"og:site_name\" content=\"18. Amazon Sales Kongress 2026\" \/>\n<meta property=\"article:publisher\" content=\"https:\/\/www.facebook.com\/amz.sales.kongress\" \/>\n<meta property=\"article:published_time\" content=\"2025-08-11T09:20:34+00:00\" \/>\n<meta property=\"article:modified_time\" content=\"2026-03-09T21:54:02+00:00\" \/>\n<meta property=\"og:image\" content=\"https:\/\/amazon-sales-kongress.de\/wp\/wp-content\/uploads\/2025\/08\/Daniel-Lentz-Nespresso-square.jpg\" \/>\n\t<meta property=\"og:image:width\" content=\"579\" \/>\n\t<meta property=\"og:image:height\" content=\"578\" \/>\n\t<meta property=\"og:image:type\" content=\"image\/jpeg\" \/>\n<meta name=\"author\" content=\"wp-admin\" \/>\n<meta name=\"twitter:card\" content=\"summary_large_image\" \/>\n<meta name=\"twitter:label1\" content=\"Verfasst von\" \/>\n\t<meta name=\"twitter:data1\" content=\"wp-admin\" \/>\n<script type=\"application\/ld+json\" class=\"yoast-schema-graph\">{\"@context\":\"https:\/\/schema.org\",\"@graph\":[{\"@type\":\"Article\",\"@id\":\"https:\/\/amazon-sales-kongress.de\/wp\/lentz-daniel\/#article\",\"isPartOf\":{\"@id\":\"https:\/\/amazon-sales-kongress.de\/wp\/lentz-daniel\/\"},\"author\":{\"name\":\"wp-admin\",\"@id\":\"https:\/\/amazon-sales-kongress.de\/wp\/#\/schema\/person\/fc940cef315a1f38950637bc18fc8751\"},\"headline\":\"Daniel Lentz\",\"datePublished\":\"2025-08-11T09:20:34+00:00\",\"dateModified\":\"2026-03-09T21:54:02+00:00\",\"mainEntityOfPage\":{\"@id\":\"https:\/\/amazon-sales-kongress.de\/wp\/lentz-daniel\/\"},\"wordCount\":60,\"publisher\":{\"@id\":\"https:\/\/amazon-sales-kongress.de\/wp\/#organization\"},\"image\":{\"@id\":\"https:\/\/amazon-sales-kongress.de\/wp\/lentz-daniel\/#primaryimage\"},\"thumbnailUrl\":\"https:\/\/amazon-sales-kongress.de\/wp\/wp-content\/uploads\/2025\/08\/Daniel-Lentz-Nespresso-square.jpg\",\"articleSection\":[\"Referenten-2025-Weimar\",\"Referenten-2026-Stuttgart\"],\"inLanguage\":\"de\"},{\"@type\":\"WebPage\",\"@id\":\"https:\/\/amazon-sales-kongress.de\/wp\/lentz-daniel\/\",\"url\":\"https:\/\/amazon-sales-kongress.de\/wp\/lentz-daniel\/\",\"name\":\"Daniel Lentz | 18. Amazon Sales Kongress 2026 %\",\"isPartOf\":{\"@id\":\"https:\/\/amazon-sales-kongress.de\/wp\/#website\"},\"primaryImageOfPage\":{\"@id\":\"https:\/\/amazon-sales-kongress.de\/wp\/lentz-daniel\/#primaryimage\"},\"image\":{\"@id\":\"https:\/\/amazon-sales-kongress.de\/wp\/lentz-daniel\/#primaryimage\"},\"thumbnailUrl\":\"https:\/\/amazon-sales-kongress.de\/wp\/wp-content\/uploads\/2025\/08\/Daniel-Lentz-Nespresso-square.jpg\",\"datePublished\":\"2025-08-11T09:20:34+00:00\",\"dateModified\":\"2026-03-09T21:54:02+00:00\",\"breadcrumb\":{\"@id\":\"https:\/\/amazon-sales-kongress.de\/wp\/lentz-daniel\/#breadcrumb\"},\"inLanguage\":\"de\",\"potentialAction\":[{\"@type\":\"ReadAction\",\"target\":[\"https:\/\/amazon-sales-kongress.de\/wp\/lentz-daniel\/\"]}]},{\"@type\":\"ImageObject\",\"inLanguage\":\"de\",\"@id\":\"https:\/\/amazon-sales-kongress.de\/wp\/lentz-daniel\/#primaryimage\",\"url\":\"https:\/\/amazon-sales-kongress.de\/wp\/wp-content\/uploads\/2025\/08\/Daniel-Lentz-Nespresso-square.jpg\",\"contentUrl\":\"https:\/\/amazon-sales-kongress.de\/wp\/wp-content\/uploads\/2025\/08\/Daniel-Lentz-Nespresso-square.jpg\",\"width\":579,\"height\":578},{\"@type\":\"BreadcrumbList\",\"@id\":\"https:\/\/amazon-sales-kongress.de\/wp\/lentz-daniel\/#breadcrumb\",\"itemListElement\":[{\"@type\":\"ListItem\",\"position\":1,\"name\":\"Startseite\",\"item\":\"https:\/\/amazon-sales-kongress.de\/wp\/\"},{\"@type\":\"ListItem\",\"position\":2,\"name\":\"Daniel Lentz\"}]},{\"@type\":\"WebSite\",\"@id\":\"https:\/\/amazon-sales-kongress.de\/wp\/#website\",\"url\":\"https:\/\/amazon-sales-kongress.de\/wp\/\",\"name\":\"18. Amazon Sales Kongress 2026\",\"description\":\"Amazon effektiver steuern\",\"publisher\":{\"@id\":\"https:\/\/amazon-sales-kongress.de\/wp\/#organization\"},\"alternateName\":\"18. ASK 2026\",\"potentialAction\":[{\"@type\":\"SearchAction\",\"target\":{\"@type\":\"EntryPoint\",\"urlTemplate\":\"https:\/\/amazon-sales-kongress.de\/wp\/?s={search_term_string}\"},\"query-input\":{\"@type\":\"PropertyValueSpecification\",\"valueRequired\":true,\"valueName\":\"search_term_string\"}}],\"inLanguage\":\"de\"},{\"@type\":\"Organization\",\"@id\":\"https:\/\/amazon-sales-kongress.de\/wp\/#organization\",\"name\":\"Amazon Sales Kongress | ASK\",\"alternateName\":\"ASK\",\"url\":\"https:\/\/amazon-sales-kongress.de\/wp\/\",\"logo\":{\"@type\":\"ImageObject\",\"inLanguage\":\"de\",\"@id\":\"https:\/\/amazon-sales-kongress.de\/wp\/#\/schema\/logo\/image\/\",\"url\":\"https:\/\/amazon-sales-kongress.de\/wp\/wp-content\/uploads\/2025\/11\/ASK-2026-Stuttgart-Yoast-Orga-Logo-696x696-1.jpg\",\"contentUrl\":\"https:\/\/amazon-sales-kongress.de\/wp\/wp-content\/uploads\/2025\/11\/ASK-2026-Stuttgart-Yoast-Orga-Logo-696x696-1.jpg\",\"width\":1450,\"height\":1450,\"caption\":\"Amazon Sales Kongress | ASK\"},\"image\":{\"@id\":\"https:\/\/amazon-sales-kongress.de\/wp\/#\/schema\/logo\/image\/\"},\"sameAs\":[\"https:\/\/www.facebook.com\/amz.sales.kongress\",\"https:\/\/www.linkedin.com\/company\/amazonsaleskongress\"]},{\"@type\":\"Person\",\"@id\":\"https:\/\/amazon-sales-kongress.de\/wp\/#\/schema\/person\/fc940cef315a1f38950637bc18fc8751\",\"name\":\"wp-admin\",\"image\":{\"@type\":\"ImageObject\",\"inLanguage\":\"de\",\"@id\":\"https:\/\/amazon-sales-kongress.de\/wp\/#\/schema\/person\/image\/\",\"url\":\"https:\/\/secure.gravatar.com\/avatar\/f2a7c8fbc9e96f5a4d733e893e8d109529e6f88608acde30474a0106c06c409c?s=96&d=mm&r=g\",\"contentUrl\":\"https:\/\/secure.gravatar.com\/avatar\/f2a7c8fbc9e96f5a4d733e893e8d109529e6f88608acde30474a0106c06c409c?s=96&d=mm&r=g\",\"caption\":\"wp-admin\"},\"url\":\"https:\/\/amazon-sales-kongress.de\/wp\/author\/wp-admin\/\"}]}<\/script>\n<!-- \/ Yoast SEO plugin. -->","yoast_head_json":{"title":"Daniel Lentz | 18. Amazon Sales Kongress 2026 %","robots":{"index":"noindex","follow":"follow"},"og_locale":"de_DE","og_type":"article","og_title":"Daniel Lentz | 18. Amazon Sales Kongress 2026 %","og_description":"Key-Account Manager \u203a Nespresso Deutschland GmbH \u203a Deutschland Daniel Lentz ist bereits seit 2014 bei Nespresso. Angefangen als Area Sales Manager war er verantwortlich f\u00fcr den station\u00e4ren Handel in seinem Gebiet. Seit Mitte 2019 u.a. verantwortlich f\u00fcr Amazon in Deutschland, ist er f\u00fcr den GoLive des Amazon Seller Accounts, sowie die strategische &amp; operative Ausrichtung [&hellip;]","og_url":"https:\/\/amazon-sales-kongress.de\/wp\/lentz-daniel\/","og_site_name":"18. Amazon Sales Kongress 2026","article_publisher":"https:\/\/www.facebook.com\/amz.sales.kongress","article_published_time":"2025-08-11T09:20:34+00:00","article_modified_time":"2026-03-09T21:54:02+00:00","og_image":[{"width":579,"height":578,"url":"https:\/\/amazon-sales-kongress.de\/wp\/wp-content\/uploads\/2025\/08\/Daniel-Lentz-Nespresso-square.jpg","type":"image\/jpeg"}],"author":"wp-admin","twitter_card":"summary_large_image","twitter_misc":{"Verfasst von":"wp-admin"},"schema":{"@context":"https:\/\/schema.org","@graph":[{"@type":"Article","@id":"https:\/\/amazon-sales-kongress.de\/wp\/lentz-daniel\/#article","isPartOf":{"@id":"https:\/\/amazon-sales-kongress.de\/wp\/lentz-daniel\/"},"author":{"name":"wp-admin","@id":"https:\/\/amazon-sales-kongress.de\/wp\/#\/schema\/person\/fc940cef315a1f38950637bc18fc8751"},"headline":"Daniel Lentz","datePublished":"2025-08-11T09:20:34+00:00","dateModified":"2026-03-09T21:54:02+00:00","mainEntityOfPage":{"@id":"https:\/\/amazon-sales-kongress.de\/wp\/lentz-daniel\/"},"wordCount":60,"publisher":{"@id":"https:\/\/amazon-sales-kongress.de\/wp\/#organization"},"image":{"@id":"https:\/\/amazon-sales-kongress.de\/wp\/lentz-daniel\/#primaryimage"},"thumbnailUrl":"https:\/\/amazon-sales-kongress.de\/wp\/wp-content\/uploads\/2025\/08\/Daniel-Lentz-Nespresso-square.jpg","articleSection":["Referenten-2025-Weimar","Referenten-2026-Stuttgart"],"inLanguage":"de"},{"@type":"WebPage","@id":"https:\/\/amazon-sales-kongress.de\/wp\/lentz-daniel\/","url":"https:\/\/amazon-sales-kongress.de\/wp\/lentz-daniel\/","name":"Daniel Lentz | 18. Amazon Sales Kongress 2026 %","isPartOf":{"@id":"https:\/\/amazon-sales-kongress.de\/wp\/#website"},"primaryImageOfPage":{"@id":"https:\/\/amazon-sales-kongress.de\/wp\/lentz-daniel\/#primaryimage"},"image":{"@id":"https:\/\/amazon-sales-kongress.de\/wp\/lentz-daniel\/#primaryimage"},"thumbnailUrl":"https:\/\/amazon-sales-kongress.de\/wp\/wp-content\/uploads\/2025\/08\/Daniel-Lentz-Nespresso-square.jpg","datePublished":"2025-08-11T09:20:34+00:00","dateModified":"2026-03-09T21:54:02+00:00","breadcrumb":{"@id":"https:\/\/amazon-sales-kongress.de\/wp\/lentz-daniel\/#breadcrumb"},"inLanguage":"de","potentialAction":[{"@type":"ReadAction","target":["https:\/\/amazon-sales-kongress.de\/wp\/lentz-daniel\/"]}]},{"@type":"ImageObject","inLanguage":"de","@id":"https:\/\/amazon-sales-kongress.de\/wp\/lentz-daniel\/#primaryimage","url":"https:\/\/amazon-sales-kongress.de\/wp\/wp-content\/uploads\/2025\/08\/Daniel-Lentz-Nespresso-square.jpg","contentUrl":"https:\/\/amazon-sales-kongress.de\/wp\/wp-content\/uploads\/2025\/08\/Daniel-Lentz-Nespresso-square.jpg","width":579,"height":578},{"@type":"BreadcrumbList","@id":"https:\/\/amazon-sales-kongress.de\/wp\/lentz-daniel\/#breadcrumb","itemListElement":[{"@type":"ListItem","position":1,"name":"Startseite","item":"https:\/\/amazon-sales-kongress.de\/wp\/"},{"@type":"ListItem","position":2,"name":"Daniel Lentz"}]},{"@type":"WebSite","@id":"https:\/\/amazon-sales-kongress.de\/wp\/#website","url":"https:\/\/amazon-sales-kongress.de\/wp\/","name":"18. Amazon Sales Kongress 2026","description":"Amazon effektiver steuern","publisher":{"@id":"https:\/\/amazon-sales-kongress.de\/wp\/#organization"},"alternateName":"18. ASK 2026","potentialAction":[{"@type":"SearchAction","target":{"@type":"EntryPoint","urlTemplate":"https:\/\/amazon-sales-kongress.de\/wp\/?s={search_term_string}"},"query-input":{"@type":"PropertyValueSpecification","valueRequired":true,"valueName":"search_term_string"}}],"inLanguage":"de"},{"@type":"Organization","@id":"https:\/\/amazon-sales-kongress.de\/wp\/#organization","name":"Amazon Sales Kongress | ASK","alternateName":"ASK","url":"https:\/\/amazon-sales-kongress.de\/wp\/","logo":{"@type":"ImageObject","inLanguage":"de","@id":"https:\/\/amazon-sales-kongress.de\/wp\/#\/schema\/logo\/image\/","url":"https:\/\/amazon-sales-kongress.de\/wp\/wp-content\/uploads\/2025\/11\/ASK-2026-Stuttgart-Yoast-Orga-Logo-696x696-1.jpg","contentUrl":"https:\/\/amazon-sales-kongress.de\/wp\/wp-content\/uploads\/2025\/11\/ASK-2026-Stuttgart-Yoast-Orga-Logo-696x696-1.jpg","width":1450,"height":1450,"caption":"Amazon Sales Kongress | ASK"},"image":{"@id":"https:\/\/amazon-sales-kongress.de\/wp\/#\/schema\/logo\/image\/"},"sameAs":["https:\/\/www.facebook.com\/amz.sales.kongress","https:\/\/www.linkedin.com\/company\/amazonsaleskongress"]},{"@type":"Person","@id":"https:\/\/amazon-sales-kongress.de\/wp\/#\/schema\/person\/fc940cef315a1f38950637bc18fc8751","name":"wp-admin","image":{"@type":"ImageObject","inLanguage":"de","@id":"https:\/\/amazon-sales-kongress.de\/wp\/#\/schema\/person\/image\/","url":"https:\/\/secure.gravatar.com\/avatar\/f2a7c8fbc9e96f5a4d733e893e8d109529e6f88608acde30474a0106c06c409c?s=96&d=mm&r=g","contentUrl":"https:\/\/secure.gravatar.com\/avatar\/f2a7c8fbc9e96f5a4d733e893e8d109529e6f88608acde30474a0106c06c409c?s=96&d=mm&r=g","caption":"wp-admin"},"url":"https:\/\/amazon-sales-kongress.de\/wp\/author\/wp-admin\/"}]}},"_links":{"self":[{"href":"https:\/\/amazon-sales-kongress.de\/wp\/wp-json\/wp\/v2\/posts\/14078","targetHints":{"allow":["GET"]}}],"collection":[{"href":"https:\/\/amazon-sales-kongress.de\/wp\/wp-json\/wp\/v2\/posts"}],"about":[{"href":"https:\/\/amazon-sales-kongress.de\/wp\/wp-json\/wp\/v2\/types\/post"}],"author":[{"embeddable":true,"href":"https:\/\/amazon-sales-kongress.de\/wp\/wp-json\/wp\/v2\/users\/1"}],"replies":[{"embeddable":true,"href":"https:\/\/amazon-sales-kongress.de\/wp\/wp-json\/wp\/v2\/comments?post=14078"}],"version-history":[{"count":3,"href":"https:\/\/amazon-sales-kongress.de\/wp\/wp-json\/wp\/v2\/posts\/14078\/revisions"}],"predecessor-version":[{"id":14715,"href":"https:\/\/amazon-sales-kongress.de\/wp\/wp-json\/wp\/v2\/posts\/14078\/revisions\/14715"}],"wp:featuredmedia":[{"embeddable":true,"href":"https:\/\/amazon-sales-kongress.de\/wp\/wp-json\/wp\/v2\/media\/14079"}],"wp:attachment":[{"href":"https:\/\/amazon-sales-kongress.de\/wp\/wp-json\/wp\/v2\/media?parent=14078"}],"wp:term":[{"taxonomy":"category","embeddable":true,"href":"https:\/\/amazon-sales-kongress.de\/wp\/wp-json\/wp\/v2\/categories?post=14078"},{"taxonomy":"post_tag","embeddable":true,"href":"https:\/\/amazon-sales-kongress.de\/wp\/wp-json\/wp\/v2\/tags?post=14078"}],"curies":[{"name":"wp","href":"https:\/\/api.w.org\/{rel}","templated":true}]}}